{"id":2620,"date":"2024-11-09T10:16:00","date_gmt":"2024-11-09T13:16:00","guid":{"rendered":"https:\/\/areiagroup.com\/?p=2620"},"modified":"2024-12-19T10:17:57","modified_gmt":"2024-12-19T13:17:57","slug":"parioca-celebra-verao-na-praia-de-ipanema","status":"publish","type":"post","link":"https:\/\/areiagroup.com\/pt\/parioca-celebra-verao-na-praia-de-ipanema\/","title":{"rendered":"Parioca celebra ver\u00e3o na praia de Ipanema"},"content":{"rendered":"<div data-elementor-type=\"wp-post\" data-elementor-id=\"2620\" class=\"elementor elementor-2620\" data-elementor-post-type=\"post\">\n\t\t\t\t<div class=\"elementor-element elementor-element-2b5c501 e-flex e-con-boxed wpr-particle-no wpr-jarallax-no wpr-parallax-no wpr-sticky-section-no wpr-equal-height-no e-con e-parent\" data-id=\"2b5c501\" data-element_type=\"container\" data-e-type=\"container\">\n\t\t\t\t\t<div class=\"e-con-inner\">\n\t\t\t\t<div class=\"elementor-element elementor-element-8147c87 elementor-widget elementor-widget-text-editor\" data-id=\"8147c87\" data-element_type=\"widget\" data-e-type=\"widget\" data-widget_type=\"text-editor.default\">\n\t\t\t\t<div class=\"elementor-widget-container\">\n\t\t\t\t\t\t\t\t\t\n<div class=\"separator\">\n<p>Parioca, marca de resort unissex fundada no Rio de Janeiro em 2015 pelo diretor criativo Pedro Rosman, \u00e9 conhecida por suas estampas irreverentes e uma abordagem ousada \u00e0 moda praia. A marca captura a ess\u00eancia dos ver\u00f5es intermin\u00e1veis, com imagens divertidas e cortes descontra\u00eddos, inspirada na cultura praiana brasileira. O nome \u201cParioca\u201d mistura o charme parisiense com a confian\u00e7a natural dos cariocas, criando uma atitude vibrante e pronta para o ver\u00e3o.<\/p>\n<p>A flagship da Parioca, localizada em Ipanema, foi projetada pelo escrit\u00f3rio de arquitetura Capuri, que trouxe um design \u00fanico e contempor\u00e2neo para o espa\u00e7o, refletindo a identidade vibrante e descomplicada da marca.<\/p>\n<p>Nessa \u00faltima quarta-feira ensolarada, em comemora\u00e7\u00e3o \u00e0 inaugura\u00e7\u00e3o da nova loja, a Parioca convidou seus amigos para um sunset especial nas areias de Ipanema, na altura da Rua An\u00edbal de Mendon\u00e7a, no Posto 10. O evento, que aconteceu das 16h\u00a0\u00e0s 21h, foi cuidadosamente planejado por Di\u00f3genes Queiroz, que criou todo o conceito da celebra\u00e7\u00e3o. Al\u00e9m dos convites exclusivos, Di\u00f3genes cuidou dos detalhes, com p\u00e1ra-s\u00f3is estampados pela marca, caipirinhas refrescantes e cerveja gelada, tudo isso com o ic\u00f4nico Morro Dois Irm\u00e3os ao fundo, criando um ambiente perfeito para a ocasi\u00e3o. A experi\u00eancia ainda contou com uma escultura de areia que encantou os convidados, tornando o evento ainda mais divertido.<\/p>\n<p>Fotos Renato Wrobel<\/p>\n<figure class=\"wp-block-gallery has-nested-images columns-2 is-cropped wp-block-gallery-1 is-layout-flex wp-block-gallery-is-layout-flex\">\n<figure class=\"wp-block-image size-large\"><img fetchpriority=\"high\" decoding=\"async\" class=\"wp-image-41938\" src=\"https:\/\/visaodamoda.com.br\/wp-content\/uploads\/2024\/11\/5CE3E8B2-2853-4976-B672-A990F6DA0BC2-900x1348.jpeg\" sizes=\"(max-width: 900px) 100vw, 900px\" srcset=\"https:\/\/visaodamoda.com.br\/wp-content\/uploads\/2024\/11\/5CE3E8B2-2853-4976-B672-A990F6DA0BC2-900x1348.jpeg 900w, https:\/\/visaodamoda.com.br\/wp-content\/uploads\/2024\/11\/5CE3E8B2-2853-4976-B672-A990F6DA0BC2-1025x1536.jpeg 1025w, https:\/\/visaodamoda.com.br\/wp-content\/uploads\/2024\/11\/5CE3E8B2-2853-4976-B672-A990F6DA0BC2-1367x2048.jpeg 1367w, https:\/\/visaodamoda.com.br\/wp-content\/uploads\/2024\/11\/5CE3E8B2-2853-4976-B672-A990F6DA0BC2.jpeg 1542w\" alt=\"\" width=\"900\" height=\"1348\" data-id=\"41938\" \/><\/figure>\n<figure class=\"wp-block-image size-large\"><img decoding=\"async\" class=\"wp-image-41943\" src=\"https:\/\/visaodamoda.com.br\/wp-content\/uploads\/2024\/11\/17436E1E-6AF0-4A22-8BD3-B9229744DF3D-900x1348.jpeg\" sizes=\"(max-width: 900px) 100vw, 900px\" srcset=\"https:\/\/visaodamoda.com.br\/wp-content\/uploads\/2024\/11\/17436E1E-6AF0-4A22-8BD3-B9229744DF3D-900x1348.jpeg 900w, https:\/\/visaodamoda.com.br\/wp-content\/uploads\/2024\/11\/17436E1E-6AF0-4A22-8BD3-B9229744DF3D-1025x1536.jpeg 1025w, https:\/\/visaodamoda.com.br\/wp-content\/uploads\/2024\/11\/17436E1E-6AF0-4A22-8BD3-B9229744DF3D-1367x2048.jpeg 1367w, https:\/\/visaodamoda.com.br\/wp-content\/uploads\/2024\/11\/17436E1E-6AF0-4A22-8BD3-B9229744DF3D.jpeg 1542w\" alt=\"\" width=\"900\" height=\"1348\" data-id=\"41943\" \/><\/figure>\n<figure class=\"wp-block-image size-large\"><img decoding=\"async\" class=\"wp-image-41940\" src=\"https:\/\/visaodamoda.com.br\/wp-content\/uploads\/2024\/11\/8F77C565-89AE-43BE-A967-94DA2783F0AA-900x1348.jpeg\" sizes=\"(max-width: 900px) 100vw, 900px\" srcset=\"https:\/\/visaodamoda.com.br\/wp-content\/uploads\/2024\/11\/8F77C565-89AE-43BE-A967-94DA2783F0AA-900x1348.jpeg 900w, https:\/\/visaodamoda.com.br\/wp-content\/uploads\/2024\/11\/8F77C565-89AE-43BE-A967-94DA2783F0AA-1025x1536.jpeg 1025w, https:\/\/visaodamoda.com.br\/wp-content\/uploads\/2024\/11\/8F77C565-89AE-43BE-A967-94DA2783F0AA-1367x2048.jpeg 1367w, https:\/\/visaodamoda.com.br\/wp-content\/uploads\/2024\/11\/8F77C565-89AE-43BE-A967-94DA2783F0AA.jpeg 1542w\" alt=\"\" width=\"900\" height=\"1348\" data-id=\"41940\" \/><\/figure>\n<figure class=\"wp-block-image size-large\"><img loading=\"lazy\" decoding=\"async\" class=\"wp-image-41939\" src=\"https:\/\/visaodamoda.com.br\/wp-content\/uploads\/2024\/11\/EA4F7D35-57F2-409B-B6DB-282108342643-900x601.jpeg\" sizes=\"auto, (max-width: 900px) 100vw, 900px\" srcset=\"https:\/\/visaodamoda.com.br\/wp-content\/uploads\/2024\/11\/EA4F7D35-57F2-409B-B6DB-282108342643-900x601.jpeg 900w, https:\/\/visaodamoda.com.br\/wp-content\/uploads\/2024\/11\/EA4F7D35-57F2-409B-B6DB-282108342643-1536x1025.jpeg 1536w, https:\/\/visaodamoda.com.br\/wp-content\/uploads\/2024\/11\/EA4F7D35-57F2-409B-B6DB-282108342643.jpeg 2000w\" alt=\"\" width=\"900\" height=\"601\" data-id=\"41939\" \/><\/figure>\n<figure class=\"wp-block-image size-large\"><img loading=\"lazy\" decoding=\"async\" class=\"wp-image-41941\" src=\"https:\/\/visaodamoda.com.br\/wp-content\/uploads\/2024\/11\/DBFC4B7A-4BD5-426D-9BC3-B95E84B62BBB-900x1348.jpeg\" sizes=\"auto, (max-width: 900px) 100vw, 900px\" srcset=\"https:\/\/visaodamoda.com.br\/wp-content\/uploads\/2024\/11\/DBFC4B7A-4BD5-426D-9BC3-B95E84B62BBB-900x1348.jpeg 900w, https:\/\/visaodamoda.com.br\/wp-content\/uploads\/2024\/11\/DBFC4B7A-4BD5-426D-9BC3-B95E84B62BBB-1025x1536.jpeg 1025w, https:\/\/visaodamoda.com.br\/wp-content\/uploads\/2024\/11\/DBFC4B7A-4BD5-426D-9BC3-B95E84B62BBB-1367x2048.jpeg 1367w, https:\/\/visaodamoda.com.br\/wp-content\/uploads\/2024\/11\/DBFC4B7A-4BD5-426D-9BC3-B95E84B62BBB.jpeg 1542w\" alt=\"\" width=\"900\" height=\"1348\" data-id=\"41941\" \/><\/figure>\n<figure class=\"wp-block-image size-large\"><img loading=\"lazy\" decoding=\"async\" class=\"wp-image-41945\" src=\"https:\/\/visaodamoda.com.br\/wp-content\/uploads\/2024\/11\/89BF626A-5D4F-4E80-A487-177860ECFFAD-900x1348.jpeg\" sizes=\"auto, (max-width: 900px) 100vw, 900px\" srcset=\"https:\/\/visaodamoda.com.br\/wp-content\/uploads\/2024\/11\/89BF626A-5D4F-4E80-A487-177860ECFFAD-900x1348.jpeg 900w, https:\/\/visaodamoda.com.br\/wp-content\/uploads\/2024\/11\/89BF626A-5D4F-4E80-A487-177860ECFFAD-1025x1536.jpeg 1025w, https:\/\/visaodamoda.com.br\/wp-content\/uploads\/2024\/11\/89BF626A-5D4F-4E80-A487-177860ECFFAD-1367x2048.jpeg 1367w, https:\/\/visaodamoda.com.br\/wp-content\/uploads\/2024\/11\/89BF626A-5D4F-4E80-A487-177860ECFFAD.jpeg 1542w\" alt=\"\" width=\"900\" height=\"1348\" data-id=\"41945\" \/><\/figure>\n<figure class=\"wp-block-image size-large\"><img loading=\"lazy\" decoding=\"async\" class=\"wp-image-41944\" src=\"https:\/\/visaodamoda.com.br\/wp-content\/uploads\/2024\/11\/5066757C-D491-46C1-AF6B-F7E1E1B60BDB-900x601.jpeg\" sizes=\"auto, (max-width: 900px) 100vw, 900px\" srcset=\"https:\/\/visaodamoda.com.br\/wp-content\/uploads\/2024\/11\/5066757C-D491-46C1-AF6B-F7E1E1B60BDB-900x601.jpeg 900w, https:\/\/visaodamoda.com.br\/wp-content\/uploads\/2024\/11\/5066757C-D491-46C1-AF6B-F7E1E1B60BDB-1536x1025.jpeg 1536w, https:\/\/visaodamoda.com.br\/wp-content\/uploads\/2024\/11\/5066757C-D491-46C1-AF6B-F7E1E1B60BDB.jpeg 2000w\" alt=\"\" width=\"900\" height=\"601\" data-id=\"41944\" \/><\/figure>\n<figure class=\"wp-block-image size-large\"><img loading=\"lazy\" decoding=\"async\" class=\"wp-image-41942\" src=\"https:\/\/visaodamoda.com.br\/wp-content\/uploads\/2024\/11\/ECC2F246-3430-4135-86CD-1D2BE1D22746-900x601.jpeg\" sizes=\"auto, (max-width: 900px) 100vw, 900px\" srcset=\"https:\/\/visaodamoda.com.br\/wp-content\/uploads\/2024\/11\/ECC2F246-3430-4135-86CD-1D2BE1D22746-900x601.jpeg 900w, https:\/\/visaodamoda.com.br\/wp-content\/uploads\/2024\/11\/ECC2F246-3430-4135-86CD-1D2BE1D22746-1536x1025.jpeg 1536w, https:\/\/visaodamoda.com.br\/wp-content\/uploads\/2024\/11\/ECC2F246-3430-4135-86CD-1D2BE1D22746.jpeg 2000w\" alt=\"\" width=\"900\" height=\"601\" data-id=\"41942\" \/><\/figure>\n<figure class=\"wp-block-image size-large\"><img loading=\"lazy\" decoding=\"async\" class=\"wp-image-41948\" src=\"https:\/\/visaodamoda.com.br\/wp-content\/uploads\/2024\/11\/20BB91B2-DE7D-45EC-AA0C-D32BD00E4295-900x1348.jpeg\" sizes=\"auto, (max-width: 900px) 100vw, 900px\" srcset=\"https:\/\/visaodamoda.com.br\/wp-content\/uploads\/2024\/11\/20BB91B2-DE7D-45EC-AA0C-D32BD00E4295-900x1348.jpeg 900w, https:\/\/visaodamoda.com.br\/wp-content\/uploads\/2024\/11\/20BB91B2-DE7D-45EC-AA0C-D32BD00E4295-1025x1536.jpeg 1025w, https:\/\/visaodamoda.com.br\/wp-content\/uploads\/2024\/11\/20BB91B2-DE7D-45EC-AA0C-D32BD00E4295-1367x2048.jpeg 1367w, https:\/\/visaodamoda.com.br\/wp-content\/uploads\/2024\/11\/20BB91B2-DE7D-45EC-AA0C-D32BD00E4295.jpeg 1542w\" alt=\"\" width=\"900\" height=\"1348\" data-id=\"41948\" \/><\/figure>\n<figure class=\"wp-block-image size-large\"><img loading=\"lazy\" decoding=\"async\" class=\"wp-image-41946\" src=\"https:\/\/visaodamoda.com.br\/wp-content\/uploads\/2024\/11\/5F49D6CA-DC45-4A25-A79C-41F2D52FA8C4-900x601.jpeg\" sizes=\"auto, (max-width: 900px) 100vw, 900px\" srcset=\"https:\/\/visaodamoda.com.br\/wp-content\/uploads\/2024\/11\/5F49D6CA-DC45-4A25-A79C-41F2D52FA8C4-900x601.jpeg 900w, https:\/\/visaodamoda.com.br\/wp-content\/uploads\/2024\/11\/5F49D6CA-DC45-4A25-A79C-41F2D52FA8C4-1536x1025.jpeg 1536w, https:\/\/visaodamoda.com.br\/wp-content\/uploads\/2024\/11\/5F49D6CA-DC45-4A25-A79C-41F2D52FA8C4.jpeg 2000w\" alt=\"\" width=\"900\" height=\"601\" data-id=\"41946\" \/><\/figure>\n<figure class=\"wp-block-image size-large\"><img loading=\"lazy\" decoding=\"async\" class=\"wp-image-41949\" src=\"https:\/\/visaodamoda.com.br\/wp-content\/uploads\/2024\/11\/64124DA3-A45A-45CE-8A2D-BE2AEBE30A53-900x1348.jpeg\" sizes=\"auto, (max-width: 900px) 100vw, 900px\" srcset=\"https:\/\/visaodamoda.com.br\/wp-content\/uploads\/2024\/11\/64124DA3-A45A-45CE-8A2D-BE2AEBE30A53-900x1348.jpeg 900w, https:\/\/visaodamoda.com.br\/wp-content\/uploads\/2024\/11\/64124DA3-A45A-45CE-8A2D-BE2AEBE30A53-1025x1536.jpeg 1025w, https:\/\/visaodamoda.com.br\/wp-content\/uploads\/2024\/11\/64124DA3-A45A-45CE-8A2D-BE2AEBE30A53-1367x2048.jpeg 1367w, https:\/\/visaodamoda.com.br\/wp-content\/uploads\/2024\/11\/64124DA3-A45A-45CE-8A2D-BE2AEBE30A53.jpeg 1542w\" alt=\"\" width=\"900\" height=\"1348\" data-id=\"41949\" \/><\/figure>\n<figure class=\"wp-block-image size-large\"><img loading=\"lazy\" decoding=\"async\" class=\"wp-image-41947\" src=\"https:\/\/visaodamoda.com.br\/wp-content\/uploads\/2024\/11\/8FA6672C-51D1-4C67-8DBC-85CA0B211CE1-900x1348.jpeg\" sizes=\"auto, (max-width: 900px) 100vw, 900px\" srcset=\"https:\/\/visaodamoda.com.br\/wp-content\/uploads\/2024\/11\/8FA6672C-51D1-4C67-8DBC-85CA0B211CE1-900x1348.jpeg 900w, https:\/\/visaodamoda.com.br\/wp-content\/uploads\/2024\/11\/8FA6672C-51D1-4C67-8DBC-85CA0B211CE1-1025x1536.jpeg 1025w, https:\/\/visaodamoda.com.br\/wp-content\/uploads\/2024\/11\/8FA6672C-51D1-4C67-8DBC-85CA0B211CE1-1367x2048.jpeg 1367w, https:\/\/visaodamoda.com.br\/wp-content\/uploads\/2024\/11\/8FA6672C-51D1-4C67-8DBC-85CA0B211CE1.jpeg 1542w\" alt=\"\" width=\"900\" height=\"1348\" data-id=\"41947\" \/><\/figure>\n<\/figure>\n<\/div>\n\t\t\t\t\t\t\t\t<\/div>\n\t\t\t\t<\/div>\n\t\t<div class=\"elementor-element elementor-element-bb3b0d3 e-flex e-con-boxed wpr-particle-no wpr-jarallax-no wpr-parallax-no wpr-sticky-section-no wpr-equal-height-no e-con e-child\" data-id=\"bb3b0d3\" data-element_type=\"container\" data-e-type=\"container\">\n\t\t\t\t\t<div class=\"e-con-inner\">\n\t\t<div class=\"elementor-element elementor-element-4937b0e e-flex e-con-boxed wpr-particle-no wpr-jarallax-no wpr-parallax-no wpr-sticky-section-no wpr-equal-height-no e-con e-child\" data-id=\"4937b0e\" data-element_type=\"container\" data-e-type=\"container\">\n\t\t\t\t\t<div class=\"e-con-inner\">\n\t\t\t\t<div class=\"elementor-element elementor-element-aa7ad30 elementor-widget elementor-widget-text-editor\" data-id=\"aa7ad30\" data-element_type=\"widget\" data-e-type=\"widget\" data-widget_type=\"text-editor.default\">\n\t\t\t\t<div class=\"elementor-widget-container\">\n\t\t\t\t\t\t\t\t\t\n<p>&nbsp;<\/p>\n<h5><strong>(Vis\u00e3o Moda)<\/strong><\/h5>\n<p><a class=\"linkcor\" href=\"https:\/\/visaodamoda.com.br\/moda\/parioca-celebra-verao-na-pria-de-ipanema\/\">https:\/\/visaodamoda.com.br\/moda\/parioca-celebra-verao-na-pria-de-ipanema\/<\/a><\/p>\n\t\t\t\t\t\t\t\t<\/div>\n\t\t\t\t<\/div>\n\t\t\t\t\t<\/div>\n\t\t\t\t<\/div>\n\t\t\t\t\t<\/div>\n\t\t\t\t<\/div>\n\t\t\t\t\t<\/div>\n\t\t\t\t<\/div>\n\t\t\t\t<\/div>","protected":false},"excerpt":{"rendered":"<p>Parioca, marca de resort unissex fundada no Rio de Janeiro em 2015 pelo diretor criativo Pedro Rosman, \u00e9 conhecida por suas estampas irreverentes e uma abordagem ousada \u00e0 moda praia. A marca captura a ess\u00eancia dos ver\u00f5es intermin\u00e1veis, com imagens divertidas e cortes descontra\u00eddos, inspirada na cultura praiana brasileira. O nome \u201cParioca\u201d mistura o charme parisiense com a confian\u00e7a natural dos cariocas, criando uma atitude vibrante e pronta para o ver\u00e3o. A flagship da Parioca, localizada em Ipanema, foi projetada pelo escrit\u00f3rio de arquitetura Capuri, que trouxe um design \u00fanico e contempor\u00e2neo para o espa\u00e7o, refletindo a identidade vibrante e descomplicada da marca. Nessa \u00faltima quarta-feira ensolarada, em comemora\u00e7\u00e3o \u00e0 inaugura\u00e7\u00e3o da nova loja, a Parioca convidou seus amigos para um sunset especial nas areias de Ipanema, na altura da Rua An\u00edbal de Mendon\u00e7a, no Posto 10. O evento, que aconteceu das 16h\u00a0\u00e0s 21h, foi cuidadosamente planejado por Di\u00f3genes Queiroz, que criou todo o conceito da celebra\u00e7\u00e3o. Al\u00e9m dos convites exclusivos, Di\u00f3genes cuidou dos detalhes, com p\u00e1ra-s\u00f3is estampados pela marca, caipirinhas refrescantes e cerveja gelada, tudo isso com o ic\u00f4nico Morro Dois Irm\u00e3os ao fundo, criando um ambiente perfeito para a ocasi\u00e3o. A experi\u00eancia ainda contou com uma escultura de areia que encantou os convidados, tornando o evento ainda mais divertido. Fotos Renato Wrobel &nbsp; (Vis\u00e3o Moda) https:\/\/visaodamoda.com.br\/moda\/parioca-celebra-verao-na-pria-de-ipanema\/<\/p>","protected":false},"author":1,"featured_media":2625,"comment_status":"closed","ping_status":"closed","sticky":false,"template":"","format":"standard","meta":{"footnotes":""},"categories":[38],"tags":[],"class_list":["post-2620","post","type-post","status-publish","format-standard","has-post-thumbnail","hentry","category-news"],"yoast_head":"<!-- This site is optimized with the Yoast SEO plugin v27.5 - https:\/\/yoast.com\/product\/yoast-seo-wordpress\/ -->\n<title>Parioca celebra ver\u00e3o na praia de Ipanema - Areia Group | Fashion Consultancy &amp; Showroom<\/title>\n<meta name=\"robots\" content=\"index, follow, max-snippet:-1, max-image-preview:large, max-video-preview:-1\" \/>\n<link rel=\"canonical\" href=\"https:\/\/areiagroup.com\/pt\/parioca-celebra-verao-na-praia-de-ipanema\/\" \/>\n<meta property=\"og:locale\" content=\"pt_BR\" \/>\n<meta property=\"og:type\" content=\"article\" \/>\n<meta property=\"og:title\" content=\"Parioca celebra ver\u00e3o na praia de Ipanema - Areia Group | Fashion Consultancy &amp; Showroom\" \/>\n<meta property=\"og:description\" content=\"Parioca, marca de resort unissex fundada no Rio de Janeiro em 2015 pelo diretor criativo Pedro Rosman, \u00e9 conhecida por suas estampas irreverentes e uma abordagem ousada \u00e0 moda praia. A marca captura a ess\u00eancia dos ver\u00f5es intermin\u00e1veis, com imagens divertidas e cortes descontra\u00eddos, inspirada na cultura praiana brasileira. O nome \u201cParioca\u201d mistura o charme parisiense com a confian\u00e7a natural dos cariocas, criando uma atitude vibrante e pronta para o ver\u00e3o. A flagship da Parioca, localizada em Ipanema, foi projetada pelo escrit\u00f3rio de arquitetura Capuri, que trouxe um design \u00fanico e contempor\u00e2neo para o espa\u00e7o, refletindo a identidade vibrante e descomplicada da marca. Nessa \u00faltima quarta-feira ensolarada, em comemora\u00e7\u00e3o \u00e0 inaugura\u00e7\u00e3o da nova loja, a Parioca convidou seus amigos para um sunset especial nas areias de Ipanema, na altura da Rua An\u00edbal de Mendon\u00e7a, no Posto 10. O evento, que aconteceu das 16h\u00a0\u00e0s 21h, foi cuidadosamente planejado por Di\u00f3genes Queiroz, que criou todo o conceito da celebra\u00e7\u00e3o. Al\u00e9m dos convites exclusivos, Di\u00f3genes cuidou dos detalhes, com p\u00e1ra-s\u00f3is estampados pela marca, caipirinhas refrescantes e cerveja gelada, tudo isso com o ic\u00f4nico Morro Dois Irm\u00e3os ao fundo, criando um ambiente perfeito para a ocasi\u00e3o. A experi\u00eancia ainda contou com uma escultura de areia que encantou os convidados, tornando o evento ainda mais divertido. Fotos Renato Wrobel &nbsp; (Vis\u00e3o Moda) https:\/\/visaodamoda.com.br\/moda\/parioca-celebra-verao-na-pria-de-ipanema\/\" \/>\n<meta property=\"og:url\" content=\"https:\/\/areiagroup.com\/pt\/parioca-celebra-verao-na-praia-de-ipanema\/\" \/>\n<meta property=\"og:site_name\" content=\"Areia Group | Fashion Consultancy &amp; Showroom\" \/>\n<meta property=\"article:published_time\" content=\"2024-11-09T13:16:00+00:00\" \/>\n<meta property=\"article:modified_time\" content=\"2024-12-19T13:17:57+00:00\" \/>\n<meta property=\"og:image\" content=\"https:\/\/areiagroup.com\/wp-content\/uploads\/2024\/12\/capa-2.jpg\" \/>\n\t<meta property=\"og:image:width\" content=\"1000\" \/>\n\t<meta property=\"og:image:height\" content=\"750\" \/>\n\t<meta property=\"og:image:type\" content=\"image\/jpeg\" \/>\n<meta name=\"author\" content=\"luciano\" \/>\n<meta name=\"twitter:card\" content=\"summary_large_image\" \/>\n<meta name=\"twitter:label1\" content=\"Escrito por\" \/>\n\t<meta name=\"twitter:data1\" content=\"luciano\" \/>\n\t<meta name=\"twitter:label2\" content=\"Est. tempo de leitura\" \/>\n\t<meta name=\"twitter:data2\" content=\"1 minuto\" \/>\n<script type=\"application\/ld+json\" class=\"yoast-schema-graph\">{\"@context\":\"https:\\\/\\\/schema.org\",\"@graph\":[{\"@type\":\"Article\",\"@id\":\"https:\\\/\\\/areiagroup.com\\\/parioca-celebra-verao-na-praia-de-ipanema\\\/#article\",\"isPartOf\":{\"@id\":\"https:\\\/\\\/areiagroup.com\\\/parioca-celebra-verao-na-praia-de-ipanema\\\/\"},\"author\":{\"name\":\"luciano\",\"@id\":\"https:\\\/\\\/areiagroup.com\\\/#\\\/schema\\\/person\\\/324ed350a9a779136304b421b71dd487\"},\"headline\":\"Parioca celebra ver\u00e3o na praia de Ipanema\",\"datePublished\":\"2024-11-09T13:16:00+00:00\",\"dateModified\":\"2024-12-19T13:17:57+00:00\",\"mainEntityOfPage\":{\"@id\":\"https:\\\/\\\/areiagroup.com\\\/parioca-celebra-verao-na-praia-de-ipanema\\\/\"},\"wordCount\":251,\"publisher\":{\"@id\":\"https:\\\/\\\/areiagroup.com\\\/#organization\"},\"image\":{\"@id\":\"https:\\\/\\\/areiagroup.com\\\/parioca-celebra-verao-na-praia-de-ipanema\\\/#primaryimage\"},\"thumbnailUrl\":\"https:\\\/\\\/areiagroup.com\\\/wp-content\\\/uploads\\\/2024\\\/12\\\/capa-2.jpg\",\"articleSection\":[\"News\"],\"inLanguage\":\"pt-BR\"},{\"@type\":\"WebPage\",\"@id\":\"https:\\\/\\\/areiagroup.com\\\/parioca-celebra-verao-na-praia-de-ipanema\\\/\",\"url\":\"https:\\\/\\\/areiagroup.com\\\/parioca-celebra-verao-na-praia-de-ipanema\\\/\",\"name\":\"Parioca celebra ver\u00e3o na praia de Ipanema - Areia Group | Fashion Consultancy &amp; Showroom\",\"isPartOf\":{\"@id\":\"https:\\\/\\\/areiagroup.com\\\/#website\"},\"primaryImageOfPage\":{\"@id\":\"https:\\\/\\\/areiagroup.com\\\/parioca-celebra-verao-na-praia-de-ipanema\\\/#primaryimage\"},\"image\":{\"@id\":\"https:\\\/\\\/areiagroup.com\\\/parioca-celebra-verao-na-praia-de-ipanema\\\/#primaryimage\"},\"thumbnailUrl\":\"https:\\\/\\\/areiagroup.com\\\/wp-content\\\/uploads\\\/2024\\\/12\\\/capa-2.jpg\",\"datePublished\":\"2024-11-09T13:16:00+00:00\",\"dateModified\":\"2024-12-19T13:17:57+00:00\",\"breadcrumb\":{\"@id\":\"https:\\\/\\\/areiagroup.com\\\/parioca-celebra-verao-na-praia-de-ipanema\\\/#breadcrumb\"},\"inLanguage\":\"pt-BR\",\"potentialAction\":[{\"@type\":\"ReadAction\",\"target\":[\"https:\\\/\\\/areiagroup.com\\\/parioca-celebra-verao-na-praia-de-ipanema\\\/\"]}]},{\"@type\":\"ImageObject\",\"inLanguage\":\"pt-BR\",\"@id\":\"https:\\\/\\\/areiagroup.com\\\/parioca-celebra-verao-na-praia-de-ipanema\\\/#primaryimage\",\"url\":\"https:\\\/\\\/areiagroup.com\\\/wp-content\\\/uploads\\\/2024\\\/12\\\/capa-2.jpg\",\"contentUrl\":\"https:\\\/\\\/areiagroup.com\\\/wp-content\\\/uploads\\\/2024\\\/12\\\/capa-2.jpg\",\"width\":1000,\"height\":750},{\"@type\":\"BreadcrumbList\",\"@id\":\"https:\\\/\\\/areiagroup.com\\\/parioca-celebra-verao-na-praia-de-ipanema\\\/#breadcrumb\",\"itemListElement\":[{\"@type\":\"ListItem\",\"position\":1,\"name\":\"Home\",\"item\":\"https:\\\/\\\/areiagroup.com\\\/\"},{\"@type\":\"ListItem\",\"position\":2,\"name\":\"Parioca celebra ver\u00e3o na praia de Ipanema\"}]},{\"@type\":\"WebSite\",\"@id\":\"https:\\\/\\\/areiagroup.com\\\/#website\",\"url\":\"https:\\\/\\\/areiagroup.com\\\/\",\"name\":\"Areia Group | Fashion Consultancy & Showroom\",\"description\":\"Areia connects fashion brands to national and international markets with strategic solutions and innovative showrooms \u2013 physical and digital.\",\"publisher\":{\"@id\":\"https:\\\/\\\/areiagroup.com\\\/#organization\"},\"potentialAction\":[{\"@type\":\"SearchAction\",\"target\":{\"@type\":\"EntryPoint\",\"urlTemplate\":\"https:\\\/\\\/areiagroup.com\\\/?s={search_term_string}\"},\"query-input\":{\"@type\":\"PropertyValueSpecification\",\"valueRequired\":true,\"valueName\":\"search_term_string\"}}],\"inLanguage\":\"pt-BR\"},{\"@type\":\"Organization\",\"@id\":\"https:\\\/\\\/areiagroup.com\\\/#organization\",\"name\":\"Areia Group\",\"url\":\"https:\\\/\\\/areiagroup.com\\\/\",\"logo\":{\"@type\":\"ImageObject\",\"inLanguage\":\"pt-BR\",\"@id\":\"https:\\\/\\\/areiagroup.com\\\/#\\\/schema\\\/logo\\\/image\\\/\",\"url\":\"https:\\\/\\\/areiagroup.com\\\/wp-content\\\/uploads\\\/2024\\\/12\\\/logo-site.png\",\"contentUrl\":\"https:\\\/\\\/areiagroup.com\\\/wp-content\\\/uploads\\\/2024\\\/12\\\/logo-site.png\",\"width\":400,\"height\":59,\"caption\":\"Areia Group\"},\"image\":{\"@id\":\"https:\\\/\\\/areiagroup.com\\\/#\\\/schema\\\/logo\\\/image\\\/\"},\"sameAs\":[\"https:\\\/\\\/www.instagram.com\\\/areiagroup\\\/\"]},{\"@type\":\"Person\",\"@id\":\"https:\\\/\\\/areiagroup.com\\\/#\\\/schema\\\/person\\\/324ed350a9a779136304b421b71dd487\",\"name\":\"luciano\",\"image\":{\"@type\":\"ImageObject\",\"inLanguage\":\"pt-BR\",\"@id\":\"https:\\\/\\\/secure.gravatar.com\\\/avatar\\\/5f767117c65c355561ca6d241980a8c530f9a62d69370486889b047ebb459010?s=96&d=mm&r=g\",\"url\":\"https:\\\/\\\/secure.gravatar.com\\\/avatar\\\/5f767117c65c355561ca6d241980a8c530f9a62d69370486889b047ebb459010?s=96&d=mm&r=g\",\"contentUrl\":\"https:\\\/\\\/secure.gravatar.com\\\/avatar\\\/5f767117c65c355561ca6d241980a8c530f9a62d69370486889b047ebb459010?s=96&d=mm&r=g\",\"caption\":\"luciano\"},\"sameAs\":[\"https:\\\/\\\/areiagroup.com\"],\"url\":\"https:\\\/\\\/areiagroup.com\\\/pt\\\/author\\\/luciano\\\/\"}]}<\/script>\n<!-- \/ Yoast SEO plugin. -->","yoast_head_json":{"title":"Parioca celebra ver\u00e3o na praia de Ipanema - Areia Group | Fashion Consultancy &amp; Showroom","robots":{"index":"index","follow":"follow","max-snippet":"max-snippet:-1","max-image-preview":"max-image-preview:large","max-video-preview":"max-video-preview:-1"},"canonical":"https:\/\/areiagroup.com\/pt\/parioca-celebra-verao-na-praia-de-ipanema\/","og_locale":"pt_BR","og_type":"article","og_title":"Parioca celebra ver\u00e3o na praia de Ipanema - Areia Group | Fashion Consultancy &amp; Showroom","og_description":"Parioca, marca de resort unissex fundada no Rio de Janeiro em 2015 pelo diretor criativo Pedro Rosman, \u00e9 conhecida por suas estampas irreverentes e uma abordagem ousada \u00e0 moda praia. A marca captura a ess\u00eancia dos ver\u00f5es intermin\u00e1veis, com imagens divertidas e cortes descontra\u00eddos, inspirada na cultura praiana brasileira. O nome \u201cParioca\u201d mistura o charme parisiense com a confian\u00e7a natural dos cariocas, criando uma atitude vibrante e pronta para o ver\u00e3o. A flagship da Parioca, localizada em Ipanema, foi projetada pelo escrit\u00f3rio de arquitetura Capuri, que trouxe um design \u00fanico e contempor\u00e2neo para o espa\u00e7o, refletindo a identidade vibrante e descomplicada da marca. Nessa \u00faltima quarta-feira ensolarada, em comemora\u00e7\u00e3o \u00e0 inaugura\u00e7\u00e3o da nova loja, a Parioca convidou seus amigos para um sunset especial nas areias de Ipanema, na altura da Rua An\u00edbal de Mendon\u00e7a, no Posto 10. O evento, que aconteceu das 16h\u00a0\u00e0s 21h, foi cuidadosamente planejado por Di\u00f3genes Queiroz, que criou todo o conceito da celebra\u00e7\u00e3o. Al\u00e9m dos convites exclusivos, Di\u00f3genes cuidou dos detalhes, com p\u00e1ra-s\u00f3is estampados pela marca, caipirinhas refrescantes e cerveja gelada, tudo isso com o ic\u00f4nico Morro Dois Irm\u00e3os ao fundo, criando um ambiente perfeito para a ocasi\u00e3o. A experi\u00eancia ainda contou com uma escultura de areia que encantou os convidados, tornando o evento ainda mais divertido. Fotos Renato Wrobel &nbsp; (Vis\u00e3o Moda) https:\/\/visaodamoda.com.br\/moda\/parioca-celebra-verao-na-pria-de-ipanema\/","og_url":"https:\/\/areiagroup.com\/pt\/parioca-celebra-verao-na-praia-de-ipanema\/","og_site_name":"Areia Group | Fashion Consultancy &amp; Showroom","article_published_time":"2024-11-09T13:16:00+00:00","article_modified_time":"2024-12-19T13:17:57+00:00","og_image":[{"width":1000,"height":750,"url":"https:\/\/areiagroup.com\/wp-content\/uploads\/2024\/12\/capa-2.jpg","type":"image\/jpeg"}],"author":"luciano","twitter_card":"summary_large_image","twitter_misc":{"Escrito por":"luciano","Est. tempo de leitura":"1 minuto"},"schema":{"@context":"https:\/\/schema.org","@graph":[{"@type":"Article","@id":"https:\/\/areiagroup.com\/parioca-celebra-verao-na-praia-de-ipanema\/#article","isPartOf":{"@id":"https:\/\/areiagroup.com\/parioca-celebra-verao-na-praia-de-ipanema\/"},"author":{"name":"luciano","@id":"https:\/\/areiagroup.com\/#\/schema\/person\/324ed350a9a779136304b421b71dd487"},"headline":"Parioca celebra ver\u00e3o na praia de Ipanema","datePublished":"2024-11-09T13:16:00+00:00","dateModified":"2024-12-19T13:17:57+00:00","mainEntityOfPage":{"@id":"https:\/\/areiagroup.com\/parioca-celebra-verao-na-praia-de-ipanema\/"},"wordCount":251,"publisher":{"@id":"https:\/\/areiagroup.com\/#organization"},"image":{"@id":"https:\/\/areiagroup.com\/parioca-celebra-verao-na-praia-de-ipanema\/#primaryimage"},"thumbnailUrl":"https:\/\/areiagroup.com\/wp-content\/uploads\/2024\/12\/capa-2.jpg","articleSection":["News"],"inLanguage":"pt-BR"},{"@type":"WebPage","@id":"https:\/\/areiagroup.com\/parioca-celebra-verao-na-praia-de-ipanema\/","url":"https:\/\/areiagroup.com\/parioca-celebra-verao-na-praia-de-ipanema\/","name":"Parioca celebra ver\u00e3o na praia de Ipanema - Areia Group | Fashion Consultancy &amp; Showroom","isPartOf":{"@id":"https:\/\/areiagroup.com\/#website"},"primaryImageOfPage":{"@id":"https:\/\/areiagroup.com\/parioca-celebra-verao-na-praia-de-ipanema\/#primaryimage"},"image":{"@id":"https:\/\/areiagroup.com\/parioca-celebra-verao-na-praia-de-ipanema\/#primaryimage"},"thumbnailUrl":"https:\/\/areiagroup.com\/wp-content\/uploads\/2024\/12\/capa-2.jpg","datePublished":"2024-11-09T13:16:00+00:00","dateModified":"2024-12-19T13:17:57+00:00","breadcrumb":{"@id":"https:\/\/areiagroup.com\/parioca-celebra-verao-na-praia-de-ipanema\/#breadcrumb"},"inLanguage":"pt-BR","potentialAction":[{"@type":"ReadAction","target":["https:\/\/areiagroup.com\/parioca-celebra-verao-na-praia-de-ipanema\/"]}]},{"@type":"ImageObject","inLanguage":"pt-BR","@id":"https:\/\/areiagroup.com\/parioca-celebra-verao-na-praia-de-ipanema\/#primaryimage","url":"https:\/\/areiagroup.com\/wp-content\/uploads\/2024\/12\/capa-2.jpg","contentUrl":"https:\/\/areiagroup.com\/wp-content\/uploads\/2024\/12\/capa-2.jpg","width":1000,"height":750},{"@type":"BreadcrumbList","@id":"https:\/\/areiagroup.com\/parioca-celebra-verao-na-praia-de-ipanema\/#breadcrumb","itemListElement":[{"@type":"ListItem","position":1,"name":"Home","item":"https:\/\/areiagroup.com\/"},{"@type":"ListItem","position":2,"name":"Parioca celebra ver\u00e3o na praia de Ipanema"}]},{"@type":"WebSite","@id":"https:\/\/areiagroup.com\/#website","url":"https:\/\/areiagroup.com\/","name":"Areia Group | Consultoria de Moda &amp; Showroom","description":"A Areia conecta marcas ao mercados nacional e internacional com solu\u00e7\u00f5es estrat\u00e9gicas e showrooms inovadores \u2013 f\u00edsicos e digitais.","publisher":{"@id":"https:\/\/areiagroup.com\/#organization"},"potentialAction":[{"@type":"SearchAction","target":{"@type":"EntryPoint","urlTemplate":"https:\/\/areiagroup.com\/?s={search_term_string}"},"query-input":{"@type":"PropertyValueSpecification","valueRequired":true,"valueName":"search_term_string"}}],"inLanguage":"pt-BR"},{"@type":"Organization","@id":"https:\/\/areiagroup.com\/#organization","name":"Areia Group","url":"https:\/\/areiagroup.com\/","logo":{"@type":"ImageObject","inLanguage":"pt-BR","@id":"https:\/\/areiagroup.com\/#\/schema\/logo\/image\/","url":"https:\/\/areiagroup.com\/wp-content\/uploads\/2024\/12\/logo-site.png","contentUrl":"https:\/\/areiagroup.com\/wp-content\/uploads\/2024\/12\/logo-site.png","width":400,"height":59,"caption":"Areia Group"},"image":{"@id":"https:\/\/areiagroup.com\/#\/schema\/logo\/image\/"},"sameAs":["https:\/\/www.instagram.com\/areiagroup\/"]},{"@type":"Person","@id":"https:\/\/areiagroup.com\/#\/schema\/person\/324ed350a9a779136304b421b71dd487","name":"luciano","image":{"@type":"ImageObject","inLanguage":"pt-BR","@id":"https:\/\/secure.gravatar.com\/avatar\/5f767117c65c355561ca6d241980a8c530f9a62d69370486889b047ebb459010?s=96&d=mm&r=g","url":"https:\/\/secure.gravatar.com\/avatar\/5f767117c65c355561ca6d241980a8c530f9a62d69370486889b047ebb459010?s=96&d=mm&r=g","contentUrl":"https:\/\/secure.gravatar.com\/avatar\/5f767117c65c355561ca6d241980a8c530f9a62d69370486889b047ebb459010?s=96&d=mm&r=g","caption":"luciano"},"sameAs":["https:\/\/areiagroup.com"],"url":"https:\/\/areiagroup.com\/pt\/author\/luciano\/"}]}},"_links":{"self":[{"href":"https:\/\/areiagroup.com\/pt\/wp-json\/wp\/v2\/posts\/2620","targetHints":{"allow":["GET"]}}],"collection":[{"href":"https:\/\/areiagroup.com\/pt\/wp-json\/wp\/v2\/posts"}],"about":[{"href":"https:\/\/areiagroup.com\/pt\/wp-json\/wp\/v2\/types\/post"}],"author":[{"embeddable":true,"href":"https:\/\/areiagroup.com\/pt\/wp-json\/wp\/v2\/users\/1"}],"replies":[{"embeddable":true,"href":"https:\/\/areiagroup.com\/pt\/wp-json\/wp\/v2\/comments?post=2620"}],"version-history":[{"count":4,"href":"https:\/\/areiagroup.com\/pt\/wp-json\/wp\/v2\/posts\/2620\/revisions"}],"predecessor-version":[{"id":2624,"href":"https:\/\/areiagroup.com\/pt\/wp-json\/wp\/v2\/posts\/2620\/revisions\/2624"}],"wp:featuredmedia":[{"embeddable":true,"href":"https:\/\/areiagroup.com\/pt\/wp-json\/wp\/v2\/media\/2625"}],"wp:attachment":[{"href":"https:\/\/areiagroup.com\/pt\/wp-json\/wp\/v2\/media?parent=2620"}],"wp:term":[{"taxonomy":"category","embeddable":true,"href":"https:\/\/areiagroup.com\/pt\/wp-json\/wp\/v2\/categories?post=2620"},{"taxonomy":"post_tag","embeddable":true,"href":"https:\/\/areiagroup.com\/pt\/wp-json\/wp\/v2\/tags?post=2620"}],"curies":[{"name":"wp","href":"https:\/\/api.w.org\/{rel}","templated":true}]}}